{"id":61,"date":"2020-04-09T14:27:50","date_gmt":"2020-04-09T12:27:50","guid":{"rendered":"https:\/\/helpcenter-classic.greyd.de\/2020\/04\/09\/meine-farbanpassungen-werden-nicht-ueberall-uebernommen\/"},"modified":"2021-10-21T11:58:16","modified_gmt":"2021-10-21T09:58:16","slug":"meine-farbanpassungen-werden-nicht-ueberall-uebernommen","status":"publish","type":"post","link":"https:\/\/helpcenter-classic.greyd.de\/en\/2020\/04\/09\/meine-farbanpassungen-werden-nicht-ueberall-uebernommen\/","title":{"rendered":"Meine Farbanpassungen werden nicht \u00fcberall \u00fcbernommen."},"content":{"rendered":"<div class=\"vc_row vc_row-fluid row_xxxl\"><div class=\"vc_column_container vc_col-sm-12\"><div class=\"vc_column-inner\"><div class='vc_anchor' id='Farbanpassung'><\/div>\n\t<div class=\"wpb_text_column wpb_content_element \" >\n\t\t<div class=\"wpb_wrapper\">\n\t\t\t<p><span style=\"color: #000000;\">Wenn du im Customizer z.B. Farben \u00e4nderst, werden automatisch alle Elemente mit der ge\u00e4nderten Farbe auf deiner Website entsprechend angepasst. Dasselbe gilt auch, wenn du \u00fcber das GREYD.Hub andere Design-Einstellungen importierst.<\/span><\/p>\n<p><span style=\"color: #000000;\">Einzige Ausnahme: Wenn du in Website-Modulen nicht die hinterlegten Farbwerte verwendest, sondern dort eine individuelle Farbe eingibst, kann dieser Bereich nat\u00fcrlich nicht automatisch angepasst werden.<\/span><\/p>\n\n\t\t<\/div>\n\t<\/div>\n<\/div><\/div><\/div>\n","protected":false},"excerpt":{"rendered":"","protected":false},"author":22,"featured_media":0,"comment_status":"closed","ping_status":"closed","sticky":false,"template":"","format":"standard","meta":{"greyd_block_editor_preview":[],"footnotes":""},"categories":[15,13],"tags":[],"class_list":["post-61","post","type-post","status-publish","format-standard","hentry","category-customizer","category-hub"],"yoast_head":"<!-- This site is optimized with the Yoast SEO plugin v22.6 - https:\/\/yoast.com\/wordpress\/plugins\/seo\/ -->\n<title>Meine Farbanpassungen werden nicht \u00fcberall \u00fcbernommen.<\/title>\n<meta name=\"description\" content=\"Wenn du in Bl\u00f6cken manuell individuelle Farben eingibst, k\u00f6nnen diese nicht automatisch via Global Styles angepasst werden.\" \/>\n<meta name=\"robots\" content=\"index, follow, max-snippet:-1, max-image-preview:large, max-video-preview:-1\" \/>\n<link rel=\"canonical\" href=\"https:\/\/helpcenter-classic.greyd.de\/2020\/04\/09\/meine-farbanpassungen-werden-nicht-ueberall-uebernommen\/\" \/>\n<meta property=\"og:locale\" content=\"en_US\" \/>\n<meta property=\"og:type\" content=\"article\" \/>\n<meta property=\"og:title\" content=\"Meine Farbanpassungen werden nicht \u00fcberall \u00fcbernommen.\" \/>\n<meta property=\"og:description\" content=\"Wenn du in Bl\u00f6cken manuell individuelle Farben eingibst, k\u00f6nnen diese nicht automatisch via Global Styles angepasst werden.\" \/>\n<meta property=\"og:url\" content=\"https:\/\/helpcenter-classic.greyd.de\/2020\/04\/09\/meine-farbanpassungen-werden-nicht-ueberall-uebernommen\/\" \/>\n<meta property=\"og:site_name\" content=\"GREYD.Helpcenter\" \/>\n<meta property=\"article:published_time\" content=\"2020-04-09T12:27:50+00:00\" \/>\n<meta property=\"article:modified_time\" content=\"2021-10-21T09:58:16+00:00\" \/>\n<meta name=\"twitter:card\" content=\"summary_large_image\" \/>\n<meta name=\"twitter:label1\" content=\"Written by\" \/>\n\t<meta name=\"twitter:data1\" content=\"\" \/>\n\t<meta name=\"twitter:label2\" content=\"Est. reading time\" \/>\n\t<meta name=\"twitter:data2\" content=\"1 minute\" \/>\n<script type=\"application\/ld+json\" class=\"yoast-schema-graph\">{\"@context\":\"https:\/\/schema.org\",\"@graph\":[{\"@type\":\"Article\",\"@id\":\"https:\/\/helpcenter-classic.greyd.de\/2020\/04\/09\/meine-farbanpassungen-werden-nicht-ueberall-uebernommen\/#article\",\"isPartOf\":{\"@id\":\"https:\/\/helpcenter-classic.greyd.de\/2020\/04\/09\/meine-farbanpassungen-werden-nicht-ueberall-uebernommen\/\"},\"author\":{\"name\":\"\",\"@id\":\"\"},\"headline\":\"Meine Farbanpassungen werden nicht \u00fcberall \u00fcbernommen.\",\"datePublished\":\"2020-04-09T12:27:50+00:00\",\"dateModified\":\"2021-10-21T09:58:16+00:00\",\"mainEntityOfPage\":{\"@id\":\"https:\/\/helpcenter-classic.greyd.de\/2020\/04\/09\/meine-farbanpassungen-werden-nicht-ueberall-uebernommen\/\"},\"wordCount\":91,\"publisher\":{\"@id\":\"https:\/\/helpcenter-classic.greyd.de\/#organization\"},\"articleSection\":[\"Customizer\",\"Hub\"],\"inLanguage\":\"en-US\"},{\"@type\":\"WebPage\",\"@id\":\"https:\/\/helpcenter-classic.greyd.de\/2020\/04\/09\/meine-farbanpassungen-werden-nicht-ueberall-uebernommen\/\",\"url\":\"https:\/\/helpcenter-classic.greyd.de\/2020\/04\/09\/meine-farbanpassungen-werden-nicht-ueberall-uebernommen\/\",\"name\":\"Meine Farbanpassungen werden nicht \u00fcberall \u00fcbernommen.\",\"isPartOf\":{\"@id\":\"https:\/\/helpcenter-classic.greyd.de\/#website\"},\"datePublished\":\"2020-04-09T12:27:50+00:00\",\"dateModified\":\"2021-10-21T09:58:16+00:00\",\"description\":\"Wenn du in Bl\u00f6cken manuell individuelle Farben eingibst, k\u00f6nnen diese nicht automatisch via Global Styles angepasst werden.\",\"inLanguage\":\"en-US\",\"potentialAction\":[{\"@type\":\"ReadAction\",\"target\":[\"https:\/\/helpcenter-classic.greyd.de\/2020\/04\/09\/meine-farbanpassungen-werden-nicht-ueberall-uebernommen\/\"]}]},{\"@type\":\"WebSite\",\"@id\":\"https:\/\/helpcenter-classic.greyd.de\/#website\",\"url\":\"https:\/\/helpcenter-classic.greyd.de\/\",\"name\":\"GREYD.Helpcenter\",\"description\":\"Tutorials, FAQ und mehr\",\"publisher\":{\"@id\":\"https:\/\/helpcenter-classic.greyd.de\/#organization\"},\"potentialAction\":[{\"@type\":\"SearchAction\",\"target\":{\"@type\":\"EntryPoint\",\"urlTemplate\":\"https:\/\/helpcenter-classic.greyd.de\/?s={search_term_string}\"},\"query-input\":\"required name=search_term_string\"}],\"inLanguage\":\"en-US\"},{\"@type\":\"Organization\",\"@id\":\"https:\/\/helpcenter-classic.greyd.de\/#organization\",\"name\":\"GREYD.Helpcenter\",\"url\":\"https:\/\/helpcenter-classic.greyd.de\/\",\"logo\":{\"@type\":\"ImageObject\",\"inLanguage\":\"en-US\",\"@id\":\"https:\/\/helpcenter-classic.greyd.de\/#\/schema\/logo\/image\/\",\"url\":\"https:\/\/helpcenter-classic.greyd.de\/wp-content\/uploads\/2021\/10\/L_Greyd_greyd.svg\",\"contentUrl\":\"https:\/\/helpcenter-classic.greyd.de\/wp-content\/uploads\/2021\/10\/L_Greyd_greyd.svg\",\"caption\":\"GREYD.Helpcenter\"},\"image\":{\"@id\":\"https:\/\/helpcenter-classic.greyd.de\/#\/schema\/logo\/image\/\"}},{\"@type\":\"Person\",\"@id\":\"\",\"url\":\"https:\/\/helpcenter-classic.greyd.de\/en\/author\/\"}]}<\/script>\n<!-- \/ Yoast SEO plugin. -->","yoast_head_json":{"title":"Meine Farbanpassungen werden nicht \u00fcberall \u00fcbernommen.","description":"Wenn du in Bl\u00f6cken manuell individuelle Farben eingibst, k\u00f6nnen diese nicht automatisch via Global Styles angepasst werden.","robots":{"index":"index","follow":"follow","max-snippet":"max-snippet:-1","max-image-preview":"max-image-preview:large","max-video-preview":"max-video-preview:-1"},"canonical":"https:\/\/helpcenter-classic.greyd.de\/2020\/04\/09\/meine-farbanpassungen-werden-nicht-ueberall-uebernommen\/","og_locale":"en_US","og_type":"article","og_title":"Meine Farbanpassungen werden nicht \u00fcberall \u00fcbernommen.","og_description":"Wenn du in Bl\u00f6cken manuell individuelle Farben eingibst, k\u00f6nnen diese nicht automatisch via Global Styles angepasst werden.","og_url":"https:\/\/helpcenter-classic.greyd.de\/2020\/04\/09\/meine-farbanpassungen-werden-nicht-ueberall-uebernommen\/","og_site_name":"GREYD.Helpcenter","article_published_time":"2020-04-09T12:27:50+00:00","article_modified_time":"2021-10-21T09:58:16+00:00","twitter_card":"summary_large_image","twitter_misc":{"Written by":"","Est. reading time":"1 minute"},"schema":{"@context":"https:\/\/schema.org","@graph":[{"@type":"Article","@id":"https:\/\/helpcenter-classic.greyd.de\/2020\/04\/09\/meine-farbanpassungen-werden-nicht-ueberall-uebernommen\/#article","isPartOf":{"@id":"https:\/\/helpcenter-classic.greyd.de\/2020\/04\/09\/meine-farbanpassungen-werden-nicht-ueberall-uebernommen\/"},"author":{"name":"","@id":""},"headline":"Meine Farbanpassungen werden nicht \u00fcberall \u00fcbernommen.","datePublished":"2020-04-09T12:27:50+00:00","dateModified":"2021-10-21T09:58:16+00:00","mainEntityOfPage":{"@id":"https:\/\/helpcenter-classic.greyd.de\/2020\/04\/09\/meine-farbanpassungen-werden-nicht-ueberall-uebernommen\/"},"wordCount":91,"publisher":{"@id":"https:\/\/helpcenter-classic.greyd.de\/#organization"},"articleSection":["Customizer","Hub"],"inLanguage":"en-US"},{"@type":"WebPage","@id":"https:\/\/helpcenter-classic.greyd.de\/2020\/04\/09\/meine-farbanpassungen-werden-nicht-ueberall-uebernommen\/","url":"https:\/\/helpcenter-classic.greyd.de\/2020\/04\/09\/meine-farbanpassungen-werden-nicht-ueberall-uebernommen\/","name":"Meine Farbanpassungen werden nicht \u00fcberall \u00fcbernommen.","isPartOf":{"@id":"https:\/\/helpcenter-classic.greyd.de\/#website"},"datePublished":"2020-04-09T12:27:50+00:00","dateModified":"2021-10-21T09:58:16+00:00","description":"Wenn du in Bl\u00f6cken manuell individuelle Farben eingibst, k\u00f6nnen diese nicht automatisch via Global Styles angepasst werden.","inLanguage":"en-US","potentialAction":[{"@type":"ReadAction","target":["https:\/\/helpcenter-classic.greyd.de\/2020\/04\/09\/meine-farbanpassungen-werden-nicht-ueberall-uebernommen\/"]}]},{"@type":"WebSite","@id":"https:\/\/helpcenter-classic.greyd.de\/#website","url":"https:\/\/helpcenter-classic.greyd.de\/","name":"GREYD.Helpcenter","description":"Tutorials, FAQ und mehr","publisher":{"@id":"https:\/\/helpcenter-classic.greyd.de\/#organization"},"potentialAction":[{"@type":"SearchAction","target":{"@type":"EntryPoint","urlTemplate":"https:\/\/helpcenter-classic.greyd.de\/?s={search_term_string}"},"query-input":"required name=search_term_string"}],"inLanguage":"en-US"},{"@type":"Organization","@id":"https:\/\/helpcenter-classic.greyd.de\/#organization","name":"GREYD.Helpcenter","url":"https:\/\/helpcenter-classic.greyd.de\/","logo":{"@type":"ImageObject","inLanguage":"en-US","@id":"https:\/\/helpcenter-classic.greyd.de\/#\/schema\/logo\/image\/","url":"https:\/\/helpcenter-classic.greyd.de\/wp-content\/uploads\/2021\/10\/L_Greyd_greyd.svg","contentUrl":"https:\/\/helpcenter-classic.greyd.de\/wp-content\/uploads\/2021\/10\/L_Greyd_greyd.svg","caption":"GREYD.Helpcenter"},"image":{"@id":"https:\/\/helpcenter-classic.greyd.de\/#\/schema\/logo\/image\/"}},{"@type":"Person","@id":"","url":"https:\/\/helpcenter-classic.greyd.de\/en\/author\/"}]}},"_links":{"self":[{"href":"https:\/\/helpcenter-classic.greyd.de\/en\/wp-json\/wp\/v2\/posts\/61","targetHints":{"allow":["GET"]}}],"collection":[{"href":"https:\/\/helpcenter-classic.greyd.de\/en\/wp-json\/wp\/v2\/posts"}],"about":[{"href":"https:\/\/helpcenter-classic.greyd.de\/en\/wp-json\/wp\/v2\/types\/post"}],"author":[{"embeddable":true,"href":"https:\/\/helpcenter-classic.greyd.de\/en\/wp-json\/wp\/v2\/users\/22"}],"replies":[{"embeddable":true,"href":"https:\/\/helpcenter-classic.greyd.de\/en\/wp-json\/wp\/v2\/comments?post=61"}],"version-history":[{"count":0,"href":"https:\/\/helpcenter-classic.greyd.de\/en\/wp-json\/wp\/v2\/posts\/61\/revisions"}],"wp:attachment":[{"href":"https:\/\/helpcenter-classic.greyd.de\/en\/wp-json\/wp\/v2\/media?parent=61"}],"wp:term":[{"taxonomy":"category","embeddable":true,"href":"https:\/\/helpcenter-classic.greyd.de\/en\/wp-json\/wp\/v2\/categories?post=61"},{"taxonomy":"post_tag","embeddable":true,"href":"https:\/\/helpcenter-classic.greyd.de\/en\/wp-json\/wp\/v2\/tags?post=61"}],"curies":[{"name":"wp","href":"https:\/\/api.w.org\/{rel}","templated":true}]}}