{"id":47,"date":"2021-03-19T08:18:41","date_gmt":"2021-03-19T07:18:41","guid":{"rendered":"https:\/\/helpcenter-classic.greyd.de\/2021\/03\/19\/mein-post-type-wird-ploetzlich-nicht-mehr-dargestellt\/"},"modified":"2021-10-21T11:50:48","modified_gmt":"2021-10-21T09:50:48","slug":"mein-post-type-wird-ploetzlich-nicht-mehr-dargestellt","status":"publish","type":"post","link":"https:\/\/helpcenter-classic.greyd.de\/en\/2021\/03\/19\/mein-post-type-wird-ploetzlich-nicht-mehr-dargestellt\/","title":{"rendered":"Mein Post Type wird pl\u00f6tzlich nicht mehr dargestellt?"},"content":{"rendered":"<div class=\"vc_row vc_row-fluid row_xxxl\"><div class=\"vc_column_container vc_col-sm-12\"><div class=\"vc_column-inner\">\n\t<div class=\"wpb_text_column wpb_content_element \" >\n\t\t<div class=\"wpb_wrapper\">\n\t\t\t<p>Vermutlich hast du den Namen deines Post Types oder andere wichtige Elemente wie Kategorien oder Schlagw\u00f6rter nachtr\u00e4glich ge\u00e4ndert, nachdem du den Post Type bereits in Modulen wie Post \u00dcbersicht oder Suche eingebunden hattest? \u00d6ffne einfach die entsprechenden Module, w\u00e4hle dort bei Bedarf den Post Type erneut aus und aktualisiere die Seiten.<\/p>\n\n\t\t<\/div>\n\t<\/div>\n<\/div><\/div><\/div>\n","protected":false},"excerpt":{"rendered":"","protected":false},"author":2,"featured_media":0,"comment_status":"closed","ping_status":"closed","sticky":false,"template":"","format":"standard","meta":{"greyd_block_editor_preview":[],"footnotes":""},"categories":[14],"tags":[],"class_list":["post-47","post","type-post","status-publish","format-standard","hentry","category-template"],"yoast_head":"<!-- This site is optimized with the Yoast SEO plugin v22.6 - https:\/\/yoast.com\/wordpress\/plugins\/seo\/ -->\n<title>Mein Post Type wird pl\u00f6tzlich nicht mehr dargestellt? - GREYD.Helpcenter<\/title>\n<meta name=\"description\" content=\"\u00c4nderst du wichtige Post Type Elemente wie Namen oder Kategorien nachdem du den Post Type eingebunden hast, kann es zu Fehlern kommen.\" \/>\n<meta name=\"robots\" content=\"index, follow, max-snippet:-1, max-image-preview:large, max-video-preview:-1\" \/>\n<link rel=\"canonical\" href=\"https:\/\/helpcenter-classic.greyd.de\/en\/2021\/03\/19\/mein-post-type-wird-ploetzlich-nicht-mehr-dargestellt\/\" \/>\n<meta property=\"og:locale\" content=\"en_US\" \/>\n<meta property=\"og:type\" content=\"article\" \/>\n<meta property=\"og:title\" content=\"Mein Post Type wird pl\u00f6tzlich nicht mehr dargestellt? - GREYD.Helpcenter\" \/>\n<meta property=\"og:description\" content=\"\u00c4nderst du wichtige Post Type Elemente wie Namen oder Kategorien nachdem du den Post Type eingebunden hast, kann es zu Fehlern kommen.\" \/>\n<meta property=\"og:url\" content=\"https:\/\/helpcenter-classic.greyd.de\/en\/2021\/03\/19\/mein-post-type-wird-ploetzlich-nicht-mehr-dargestellt\/\" \/>\n<meta property=\"og:site_name\" content=\"GREYD.Helpcenter\" \/>\n<meta property=\"article:published_time\" content=\"2021-03-19T07:18:41+00:00\" \/>\n<meta property=\"article:modified_time\" content=\"2021-10-21T09:50:48+00:00\" \/>\n<meta name=\"author\" content=\"sandra\" \/>\n<meta name=\"twitter:card\" content=\"summary_large_image\" \/>\n<meta name=\"twitter:label1\" content=\"Written by\" \/>\n\t<meta name=\"twitter:data1\" content=\"sandra\" \/>\n\t<meta name=\"twitter:label2\" content=\"Est. reading time\" \/>\n\t<meta name=\"twitter:data2\" content=\"1 minute\" \/>\n<script type=\"application\/ld+json\" class=\"yoast-schema-graph\">{\"@context\":\"https:\/\/schema.org\",\"@graph\":[{\"@type\":\"Article\",\"@id\":\"https:\/\/helpcenter-classic.greyd.de\/en\/2021\/03\/19\/mein-post-type-wird-ploetzlich-nicht-mehr-dargestellt\/#article\",\"isPartOf\":{\"@id\":\"https:\/\/helpcenter-classic.greyd.de\/en\/2021\/03\/19\/mein-post-type-wird-ploetzlich-nicht-mehr-dargestellt\/\"},\"author\":{\"name\":\"sandra\",\"@id\":\"https:\/\/helpcenter-classic.greyd.de\/#\/schema\/person\/b99c3964c267f0b9590a1a0054367d7d\"},\"headline\":\"Mein Post Type wird pl\u00f6tzlich nicht mehr dargestellt?\",\"datePublished\":\"2021-03-19T07:18:41+00:00\",\"dateModified\":\"2021-10-21T09:50:48+00:00\",\"mainEntityOfPage\":{\"@id\":\"https:\/\/helpcenter-classic.greyd.de\/en\/2021\/03\/19\/mein-post-type-wird-ploetzlich-nicht-mehr-dargestellt\/\"},\"wordCount\":84,\"publisher\":{\"@id\":\"https:\/\/helpcenter-classic.greyd.de\/#organization\"},\"articleSection\":[\"Template\"],\"inLanguage\":\"en-US\"},{\"@type\":\"WebPage\",\"@id\":\"https:\/\/helpcenter-classic.greyd.de\/en\/2021\/03\/19\/mein-post-type-wird-ploetzlich-nicht-mehr-dargestellt\/\",\"url\":\"https:\/\/helpcenter-classic.greyd.de\/en\/2021\/03\/19\/mein-post-type-wird-ploetzlich-nicht-mehr-dargestellt\/\",\"name\":\"Mein Post Type wird pl\u00f6tzlich nicht mehr dargestellt? - GREYD.Helpcenter\",\"isPartOf\":{\"@id\":\"https:\/\/helpcenter-classic.greyd.de\/#website\"},\"datePublished\":\"2021-03-19T07:18:41+00:00\",\"dateModified\":\"2021-10-21T09:50:48+00:00\",\"description\":\"\u00c4nderst du wichtige Post Type Elemente wie Namen oder Kategorien nachdem du den Post Type eingebunden hast, kann es zu Fehlern kommen.\",\"inLanguage\":\"en-US\",\"potentialAction\":[{\"@type\":\"ReadAction\",\"target\":[\"https:\/\/helpcenter-classic.greyd.de\/en\/2021\/03\/19\/mein-post-type-wird-ploetzlich-nicht-mehr-dargestellt\/\"]}]},{\"@type\":\"WebSite\",\"@id\":\"https:\/\/helpcenter-classic.greyd.de\/#website\",\"url\":\"https:\/\/helpcenter-classic.greyd.de\/\",\"name\":\"GREYD.Helpcenter\",\"description\":\"Tutorials, FAQ und mehr\",\"publisher\":{\"@id\":\"https:\/\/helpcenter-classic.greyd.de\/#organization\"},\"potentialAction\":[{\"@type\":\"SearchAction\",\"target\":{\"@type\":\"EntryPoint\",\"urlTemplate\":\"https:\/\/helpcenter-classic.greyd.de\/?s={search_term_string}\"},\"query-input\":\"required name=search_term_string\"}],\"inLanguage\":\"en-US\"},{\"@type\":\"Organization\",\"@id\":\"https:\/\/helpcenter-classic.greyd.de\/#organization\",\"name\":\"GREYD.Helpcenter\",\"url\":\"https:\/\/helpcenter-classic.greyd.de\/\",\"logo\":{\"@type\":\"ImageObject\",\"inLanguage\":\"en-US\",\"@id\":\"https:\/\/helpcenter-classic.greyd.de\/#\/schema\/logo\/image\/\",\"url\":\"https:\/\/helpcenter-classic.greyd.de\/wp-content\/uploads\/2021\/10\/L_Greyd_greyd.svg\",\"contentUrl\":\"https:\/\/helpcenter-classic.greyd.de\/wp-content\/uploads\/2021\/10\/L_Greyd_greyd.svg\",\"caption\":\"GREYD.Helpcenter\"},\"image\":{\"@id\":\"https:\/\/helpcenter-classic.greyd.de\/#\/schema\/logo\/image\/\"}},{\"@type\":\"Person\",\"@id\":\"https:\/\/helpcenter-classic.greyd.de\/#\/schema\/person\/b99c3964c267f0b9590a1a0054367d7d\",\"name\":\"sandra\",\"image\":{\"@type\":\"ImageObject\",\"inLanguage\":\"en-US\",\"@id\":\"https:\/\/helpcenter-classic.greyd.de\/#\/schema\/person\/image\/\",\"url\":\"https:\/\/secure.gravatar.com\/avatar\/11c151c374c8b708907411d5f0f7546789f96214457308667222595101c19161?s=96&d=mm&r=g\",\"contentUrl\":\"https:\/\/secure.gravatar.com\/avatar\/11c151c374c8b708907411d5f0f7546789f96214457308667222595101c19161?s=96&d=mm&r=g\",\"caption\":\"sandra\"},\"url\":\"https:\/\/helpcenter-classic.greyd.de\/en\/author\/sandra\/\"}]}<\/script>\n<!-- \/ Yoast SEO plugin. -->","yoast_head_json":{"title":"Mein Post Type wird pl\u00f6tzlich nicht mehr dargestellt? - GREYD.Helpcenter","description":"\u00c4nderst du wichtige Post Type Elemente wie Namen oder Kategorien nachdem du den Post Type eingebunden hast, kann es zu Fehlern kommen.","robots":{"index":"index","follow":"follow","max-snippet":"max-snippet:-1","max-image-preview":"max-image-preview:large","max-video-preview":"max-video-preview:-1"},"canonical":"https:\/\/helpcenter-classic.greyd.de\/en\/2021\/03\/19\/mein-post-type-wird-ploetzlich-nicht-mehr-dargestellt\/","og_locale":"en_US","og_type":"article","og_title":"Mein Post Type wird pl\u00f6tzlich nicht mehr dargestellt? - GREYD.Helpcenter","og_description":"\u00c4nderst du wichtige Post Type Elemente wie Namen oder Kategorien nachdem du den Post Type eingebunden hast, kann es zu Fehlern kommen.","og_url":"https:\/\/helpcenter-classic.greyd.de\/en\/2021\/03\/19\/mein-post-type-wird-ploetzlich-nicht-mehr-dargestellt\/","og_site_name":"GREYD.Helpcenter","article_published_time":"2021-03-19T07:18:41+00:00","article_modified_time":"2021-10-21T09:50:48+00:00","author":"sandra","twitter_card":"summary_large_image","twitter_misc":{"Written by":"sandra","Est. reading time":"1 minute"},"schema":{"@context":"https:\/\/schema.org","@graph":[{"@type":"Article","@id":"https:\/\/helpcenter-classic.greyd.de\/en\/2021\/03\/19\/mein-post-type-wird-ploetzlich-nicht-mehr-dargestellt\/#article","isPartOf":{"@id":"https:\/\/helpcenter-classic.greyd.de\/en\/2021\/03\/19\/mein-post-type-wird-ploetzlich-nicht-mehr-dargestellt\/"},"author":{"name":"sandra","@id":"https:\/\/helpcenter-classic.greyd.de\/#\/schema\/person\/b99c3964c267f0b9590a1a0054367d7d"},"headline":"Mein Post Type wird pl\u00f6tzlich nicht mehr dargestellt?","datePublished":"2021-03-19T07:18:41+00:00","dateModified":"2021-10-21T09:50:48+00:00","mainEntityOfPage":{"@id":"https:\/\/helpcenter-classic.greyd.de\/en\/2021\/03\/19\/mein-post-type-wird-ploetzlich-nicht-mehr-dargestellt\/"},"wordCount":84,"publisher":{"@id":"https:\/\/helpcenter-classic.greyd.de\/#organization"},"articleSection":["Template"],"inLanguage":"en-US"},{"@type":"WebPage","@id":"https:\/\/helpcenter-classic.greyd.de\/en\/2021\/03\/19\/mein-post-type-wird-ploetzlich-nicht-mehr-dargestellt\/","url":"https:\/\/helpcenter-classic.greyd.de\/en\/2021\/03\/19\/mein-post-type-wird-ploetzlich-nicht-mehr-dargestellt\/","name":"Mein Post Type wird pl\u00f6tzlich nicht mehr dargestellt? - GREYD.Helpcenter","isPartOf":{"@id":"https:\/\/helpcenter-classic.greyd.de\/#website"},"datePublished":"2021-03-19T07:18:41+00:00","dateModified":"2021-10-21T09:50:48+00:00","description":"\u00c4nderst du wichtige Post Type Elemente wie Namen oder Kategorien nachdem du den Post Type eingebunden hast, kann es zu Fehlern kommen.","inLanguage":"en-US","potentialAction":[{"@type":"ReadAction","target":["https:\/\/helpcenter-classic.greyd.de\/en\/2021\/03\/19\/mein-post-type-wird-ploetzlich-nicht-mehr-dargestellt\/"]}]},{"@type":"WebSite","@id":"https:\/\/helpcenter-classic.greyd.de\/#website","url":"https:\/\/helpcenter-classic.greyd.de\/","name":"GREYD.Helpcenter","description":"Tutorials, FAQ und mehr","publisher":{"@id":"https:\/\/helpcenter-classic.greyd.de\/#organization"},"potentialAction":[{"@type":"SearchAction","target":{"@type":"EntryPoint","urlTemplate":"https:\/\/helpcenter-classic.greyd.de\/?s={search_term_string}"},"query-input":"required name=search_term_string"}],"inLanguage":"en-US"},{"@type":"Organization","@id":"https:\/\/helpcenter-classic.greyd.de\/#organization","name":"GREYD.Helpcenter","url":"https:\/\/helpcenter-classic.greyd.de\/","logo":{"@type":"ImageObject","inLanguage":"en-US","@id":"https:\/\/helpcenter-classic.greyd.de\/#\/schema\/logo\/image\/","url":"https:\/\/helpcenter-classic.greyd.de\/wp-content\/uploads\/2021\/10\/L_Greyd_greyd.svg","contentUrl":"https:\/\/helpcenter-classic.greyd.de\/wp-content\/uploads\/2021\/10\/L_Greyd_greyd.svg","caption":"GREYD.Helpcenter"},"image":{"@id":"https:\/\/helpcenter-classic.greyd.de\/#\/schema\/logo\/image\/"}},{"@type":"Person","@id":"https:\/\/helpcenter-classic.greyd.de\/#\/schema\/person\/b99c3964c267f0b9590a1a0054367d7d","name":"sandra","image":{"@type":"ImageObject","inLanguage":"en-US","@id":"https:\/\/helpcenter-classic.greyd.de\/#\/schema\/person\/image\/","url":"https:\/\/secure.gravatar.com\/avatar\/11c151c374c8b708907411d5f0f7546789f96214457308667222595101c19161?s=96&d=mm&r=g","contentUrl":"https:\/\/secure.gravatar.com\/avatar\/11c151c374c8b708907411d5f0f7546789f96214457308667222595101c19161?s=96&d=mm&r=g","caption":"sandra"},"url":"https:\/\/helpcenter-classic.greyd.de\/en\/author\/sandra\/"}]}},"_links":{"self":[{"href":"https:\/\/helpcenter-classic.greyd.de\/en\/wp-json\/wp\/v2\/posts\/47","targetHints":{"allow":["GET"]}}],"collection":[{"href":"https:\/\/helpcenter-classic.greyd.de\/en\/wp-json\/wp\/v2\/posts"}],"about":[{"href":"https:\/\/helpcenter-classic.greyd.de\/en\/wp-json\/wp\/v2\/types\/post"}],"author":[{"embeddable":true,"href":"https:\/\/helpcenter-classic.greyd.de\/en\/wp-json\/wp\/v2\/users\/2"}],"replies":[{"embeddable":true,"href":"https:\/\/helpcenter-classic.greyd.de\/en\/wp-json\/wp\/v2\/comments?post=47"}],"version-history":[{"count":0,"href":"https:\/\/helpcenter-classic.greyd.de\/en\/wp-json\/wp\/v2\/posts\/47\/revisions"}],"wp:attachment":[{"href":"https:\/\/helpcenter-classic.greyd.de\/en\/wp-json\/wp\/v2\/media?parent=47"}],"wp:term":[{"taxonomy":"category","embeddable":true,"href":"https:\/\/helpcenter-classic.greyd.de\/en\/wp-json\/wp\/v2\/categories?post=47"},{"taxonomy":"post_tag","embeddable":true,"href":"https:\/\/helpcenter-classic.greyd.de\/en\/wp-json\/wp\/v2\/tags?post=47"}],"curies":[{"name":"wp","href":"https:\/\/api.w.org\/{rel}","templated":true}]}}