{"id":42,"date":"2021-06-30T12:52:43","date_gmt":"2021-06-30T10:52:43","guid":{"rendered":"https:\/\/helpcenter-classic.greyd.de\/2021\/06\/30\/warum-wird-mein-hintergrundbild-nicht-angezeigt\/"},"modified":"2021-10-21T11:48:12","modified_gmt":"2021-10-21T09:48:12","slug":"warum-wird-mein-hintergrundbild-nicht-angezeigt","status":"publish","type":"post","link":"https:\/\/helpcenter-classic.greyd.de\/en\/2021\/06\/30\/warum-wird-mein-hintergrundbild-nicht-angezeigt\/","title":{"rendered":"Warum wird mein Hintergrundbild nicht angezeigt?"},"content":{"rendered":"<div class=\"vc_row vc_row-fluid row_xxxl\"><div class=\"vc_column_container vc_col-sm-12\"><div class=\"vc_column-inner\">\n\t<div class=\"wpb_text_column wpb_content_element \" >\n\t\t<div class=\"wpb_wrapper\">\n\t\t\t<p>Elemente wie Contentboxen oder Spalten haben per se keine H\u00f6he definiert. Diese ergibt sich automatisch durch die darin platzierten Inhalte. Wenn du nun also f\u00fcr eine Contentbox, Spalte o.\u00c4. ein Hintergrundbild einstellst, jedoch keine Inhalte in den Block legst, hat dieses keine H\u00f6he und wird somit nicht angezeigt.<\/p>\n\n\t\t<\/div>\n\t<\/div>\n<\/div><\/div><\/div>\n","protected":false},"excerpt":{"rendered":"","protected":false},"author":2,"featured_media":0,"comment_status":"closed","ping_status":"closed","sticky":false,"template":"","format":"standard","meta":{"greyd_block_editor_preview":[],"footnotes":""},"categories":[12],"tags":[],"class_list":["post-42","post","type-post","status-publish","format-standard","hentry","category-module"],"yoast_head":"<!-- This site is optimized with the Yoast SEO plugin v22.6 - https:\/\/yoast.com\/wordpress\/plugins\/seo\/ -->\n<title>Warum wird mein Hintergrundbild nicht angezeigt? - GREYD.Helpcenter<\/title>\n<meta name=\"description\" content=\"Achte darauf, dass im Block (z.B. Contentbox\/Spalte) eine H\u00f6he definiert ist. Diese ergibt sich automatisch \u00fcber dort platzierte Inhalte.\" \/>\n<meta name=\"robots\" content=\"index, follow, max-snippet:-1, max-image-preview:large, max-video-preview:-1\" \/>\n<link rel=\"canonical\" href=\"https:\/\/helpcenter-classic.greyd.de\/2021\/06\/30\/warum-wird-mein-hintergrundbild-nicht-angezeigt\/\" \/>\n<meta property=\"og:locale\" content=\"en_US\" \/>\n<meta property=\"og:type\" content=\"article\" \/>\n<meta property=\"og:title\" content=\"Warum wird mein Hintergrundbild nicht angezeigt? - GREYD.Helpcenter\" \/>\n<meta property=\"og:description\" content=\"Achte darauf, dass im Block (z.B. Contentbox\/Spalte) eine H\u00f6he definiert ist. Diese ergibt sich automatisch \u00fcber dort platzierte Inhalte.\" \/>\n<meta property=\"og:url\" content=\"https:\/\/helpcenter-classic.greyd.de\/2021\/06\/30\/warum-wird-mein-hintergrundbild-nicht-angezeigt\/\" \/>\n<meta property=\"og:site_name\" content=\"GREYD.Helpcenter\" \/>\n<meta property=\"article:published_time\" content=\"2021-06-30T10:52:43+00:00\" \/>\n<meta property=\"article:modified_time\" content=\"2021-10-21T09:48:12+00:00\" \/>\n<meta name=\"author\" content=\"sandra\" \/>\n<meta name=\"twitter:card\" content=\"summary_large_image\" \/>\n<meta name=\"twitter:label1\" content=\"Written by\" \/>\n\t<meta name=\"twitter:data1\" content=\"sandra\" \/>\n\t<meta name=\"twitter:label2\" content=\"Est. reading time\" \/>\n\t<meta name=\"twitter:data2\" content=\"1 minute\" \/>\n<script type=\"application\/ld+json\" class=\"yoast-schema-graph\">{\"@context\":\"https:\/\/schema.org\",\"@graph\":[{\"@type\":\"Article\",\"@id\":\"https:\/\/helpcenter-classic.greyd.de\/2021\/06\/30\/warum-wird-mein-hintergrundbild-nicht-angezeigt\/#article\",\"isPartOf\":{\"@id\":\"https:\/\/helpcenter-classic.greyd.de\/2021\/06\/30\/warum-wird-mein-hintergrundbild-nicht-angezeigt\/\"},\"author\":{\"name\":\"sandra\",\"@id\":\"https:\/\/helpcenter-classic.greyd.de\/#\/schema\/person\/b99c3964c267f0b9590a1a0054367d7d\"},\"headline\":\"Warum wird mein Hintergrundbild nicht angezeigt?\",\"datePublished\":\"2021-06-30T10:52:43+00:00\",\"dateModified\":\"2021-10-21T09:48:12+00:00\",\"mainEntityOfPage\":{\"@id\":\"https:\/\/helpcenter-classic.greyd.de\/2021\/06\/30\/warum-wird-mein-hintergrundbild-nicht-angezeigt\/\"},\"wordCount\":77,\"publisher\":{\"@id\":\"https:\/\/helpcenter-classic.greyd.de\/#organization\"},\"articleSection\":[\"Module\"],\"inLanguage\":\"en-US\"},{\"@type\":\"WebPage\",\"@id\":\"https:\/\/helpcenter-classic.greyd.de\/2021\/06\/30\/warum-wird-mein-hintergrundbild-nicht-angezeigt\/\",\"url\":\"https:\/\/helpcenter-classic.greyd.de\/2021\/06\/30\/warum-wird-mein-hintergrundbild-nicht-angezeigt\/\",\"name\":\"Warum wird mein Hintergrundbild nicht angezeigt? - GREYD.Helpcenter\",\"isPartOf\":{\"@id\":\"https:\/\/helpcenter-classic.greyd.de\/#website\"},\"datePublished\":\"2021-06-30T10:52:43+00:00\",\"dateModified\":\"2021-10-21T09:48:12+00:00\",\"description\":\"Achte darauf, dass im Block (z.B. Contentbox\/Spalte) eine H\u00f6he definiert ist. Diese ergibt sich automatisch \u00fcber dort platzierte Inhalte.\",\"inLanguage\":\"en-US\",\"potentialAction\":[{\"@type\":\"ReadAction\",\"target\":[\"https:\/\/helpcenter-classic.greyd.de\/2021\/06\/30\/warum-wird-mein-hintergrundbild-nicht-angezeigt\/\"]}]},{\"@type\":\"WebSite\",\"@id\":\"https:\/\/helpcenter-classic.greyd.de\/#website\",\"url\":\"https:\/\/helpcenter-classic.greyd.de\/\",\"name\":\"GREYD.Helpcenter\",\"description\":\"Tutorials, FAQ und mehr\",\"publisher\":{\"@id\":\"https:\/\/helpcenter-classic.greyd.de\/#organization\"},\"potentialAction\":[{\"@type\":\"SearchAction\",\"target\":{\"@type\":\"EntryPoint\",\"urlTemplate\":\"https:\/\/helpcenter-classic.greyd.de\/?s={search_term_string}\"},\"query-input\":\"required name=search_term_string\"}],\"inLanguage\":\"en-US\"},{\"@type\":\"Organization\",\"@id\":\"https:\/\/helpcenter-classic.greyd.de\/#organization\",\"name\":\"GREYD.Helpcenter\",\"url\":\"https:\/\/helpcenter-classic.greyd.de\/\",\"logo\":{\"@type\":\"ImageObject\",\"inLanguage\":\"en-US\",\"@id\":\"https:\/\/helpcenter-classic.greyd.de\/#\/schema\/logo\/image\/\",\"url\":\"https:\/\/helpcenter-classic.greyd.de\/wp-content\/uploads\/2021\/10\/L_Greyd_greyd.svg\",\"contentUrl\":\"https:\/\/helpcenter-classic.greyd.de\/wp-content\/uploads\/2021\/10\/L_Greyd_greyd.svg\",\"caption\":\"GREYD.Helpcenter\"},\"image\":{\"@id\":\"https:\/\/helpcenter-classic.greyd.de\/#\/schema\/logo\/image\/\"}},{\"@type\":\"Person\",\"@id\":\"https:\/\/helpcenter-classic.greyd.de\/#\/schema\/person\/b99c3964c267f0b9590a1a0054367d7d\",\"name\":\"sandra\",\"image\":{\"@type\":\"ImageObject\",\"inLanguage\":\"en-US\",\"@id\":\"https:\/\/helpcenter-classic.greyd.de\/#\/schema\/person\/image\/\",\"url\":\"https:\/\/secure.gravatar.com\/avatar\/11c151c374c8b708907411d5f0f7546789f96214457308667222595101c19161?s=96&d=mm&r=g\",\"contentUrl\":\"https:\/\/secure.gravatar.com\/avatar\/11c151c374c8b708907411d5f0f7546789f96214457308667222595101c19161?s=96&d=mm&r=g\",\"caption\":\"sandra\"},\"url\":\"https:\/\/helpcenter-classic.greyd.de\/en\/author\/sandra\/\"}]}<\/script>\n<!-- \/ Yoast SEO plugin. -->","yoast_head_json":{"title":"Warum wird mein Hintergrundbild nicht angezeigt? - GREYD.Helpcenter","description":"Achte darauf, dass im Block (z.B. Contentbox\/Spalte) eine H\u00f6he definiert ist. Diese ergibt sich automatisch \u00fcber dort platzierte Inhalte.","robots":{"index":"index","follow":"follow","max-snippet":"max-snippet:-1","max-image-preview":"max-image-preview:large","max-video-preview":"max-video-preview:-1"},"canonical":"https:\/\/helpcenter-classic.greyd.de\/2021\/06\/30\/warum-wird-mein-hintergrundbild-nicht-angezeigt\/","og_locale":"en_US","og_type":"article","og_title":"Warum wird mein Hintergrundbild nicht angezeigt? - GREYD.Helpcenter","og_description":"Achte darauf, dass im Block (z.B. Contentbox\/Spalte) eine H\u00f6he definiert ist. Diese ergibt sich automatisch \u00fcber dort platzierte Inhalte.","og_url":"https:\/\/helpcenter-classic.greyd.de\/2021\/06\/30\/warum-wird-mein-hintergrundbild-nicht-angezeigt\/","og_site_name":"GREYD.Helpcenter","article_published_time":"2021-06-30T10:52:43+00:00","article_modified_time":"2021-10-21T09:48:12+00:00","author":"sandra","twitter_card":"summary_large_image","twitter_misc":{"Written by":"sandra","Est. reading time":"1 minute"},"schema":{"@context":"https:\/\/schema.org","@graph":[{"@type":"Article","@id":"https:\/\/helpcenter-classic.greyd.de\/2021\/06\/30\/warum-wird-mein-hintergrundbild-nicht-angezeigt\/#article","isPartOf":{"@id":"https:\/\/helpcenter-classic.greyd.de\/2021\/06\/30\/warum-wird-mein-hintergrundbild-nicht-angezeigt\/"},"author":{"name":"sandra","@id":"https:\/\/helpcenter-classic.greyd.de\/#\/schema\/person\/b99c3964c267f0b9590a1a0054367d7d"},"headline":"Warum wird mein Hintergrundbild nicht angezeigt?","datePublished":"2021-06-30T10:52:43+00:00","dateModified":"2021-10-21T09:48:12+00:00","mainEntityOfPage":{"@id":"https:\/\/helpcenter-classic.greyd.de\/2021\/06\/30\/warum-wird-mein-hintergrundbild-nicht-angezeigt\/"},"wordCount":77,"publisher":{"@id":"https:\/\/helpcenter-classic.greyd.de\/#organization"},"articleSection":["Module"],"inLanguage":"en-US"},{"@type":"WebPage","@id":"https:\/\/helpcenter-classic.greyd.de\/2021\/06\/30\/warum-wird-mein-hintergrundbild-nicht-angezeigt\/","url":"https:\/\/helpcenter-classic.greyd.de\/2021\/06\/30\/warum-wird-mein-hintergrundbild-nicht-angezeigt\/","name":"Warum wird mein Hintergrundbild nicht angezeigt? - GREYD.Helpcenter","isPartOf":{"@id":"https:\/\/helpcenter-classic.greyd.de\/#website"},"datePublished":"2021-06-30T10:52:43+00:00","dateModified":"2021-10-21T09:48:12+00:00","description":"Achte darauf, dass im Block (z.B. Contentbox\/Spalte) eine H\u00f6he definiert ist. Diese ergibt sich automatisch \u00fcber dort platzierte Inhalte.","inLanguage":"en-US","potentialAction":[{"@type":"ReadAction","target":["https:\/\/helpcenter-classic.greyd.de\/2021\/06\/30\/warum-wird-mein-hintergrundbild-nicht-angezeigt\/"]}]},{"@type":"WebSite","@id":"https:\/\/helpcenter-classic.greyd.de\/#website","url":"https:\/\/helpcenter-classic.greyd.de\/","name":"GREYD.Helpcenter","description":"Tutorials, FAQ und mehr","publisher":{"@id":"https:\/\/helpcenter-classic.greyd.de\/#organization"},"potentialAction":[{"@type":"SearchAction","target":{"@type":"EntryPoint","urlTemplate":"https:\/\/helpcenter-classic.greyd.de\/?s={search_term_string}"},"query-input":"required name=search_term_string"}],"inLanguage":"en-US"},{"@type":"Organization","@id":"https:\/\/helpcenter-classic.greyd.de\/#organization","name":"GREYD.Helpcenter","url":"https:\/\/helpcenter-classic.greyd.de\/","logo":{"@type":"ImageObject","inLanguage":"en-US","@id":"https:\/\/helpcenter-classic.greyd.de\/#\/schema\/logo\/image\/","url":"https:\/\/helpcenter-classic.greyd.de\/wp-content\/uploads\/2021\/10\/L_Greyd_greyd.svg","contentUrl":"https:\/\/helpcenter-classic.greyd.de\/wp-content\/uploads\/2021\/10\/L_Greyd_greyd.svg","caption":"GREYD.Helpcenter"},"image":{"@id":"https:\/\/helpcenter-classic.greyd.de\/#\/schema\/logo\/image\/"}},{"@type":"Person","@id":"https:\/\/helpcenter-classic.greyd.de\/#\/schema\/person\/b99c3964c267f0b9590a1a0054367d7d","name":"sandra","image":{"@type":"ImageObject","inLanguage":"en-US","@id":"https:\/\/helpcenter-classic.greyd.de\/#\/schema\/person\/image\/","url":"https:\/\/secure.gravatar.com\/avatar\/11c151c374c8b708907411d5f0f7546789f96214457308667222595101c19161?s=96&d=mm&r=g","contentUrl":"https:\/\/secure.gravatar.com\/avatar\/11c151c374c8b708907411d5f0f7546789f96214457308667222595101c19161?s=96&d=mm&r=g","caption":"sandra"},"url":"https:\/\/helpcenter-classic.greyd.de\/en\/author\/sandra\/"}]}},"_links":{"self":[{"href":"https:\/\/helpcenter-classic.greyd.de\/en\/wp-json\/wp\/v2\/posts\/42","targetHints":{"allow":["GET"]}}],"collection":[{"href":"https:\/\/helpcenter-classic.greyd.de\/en\/wp-json\/wp\/v2\/posts"}],"about":[{"href":"https:\/\/helpcenter-classic.greyd.de\/en\/wp-json\/wp\/v2\/types\/post"}],"author":[{"embeddable":true,"href":"https:\/\/helpcenter-classic.greyd.de\/en\/wp-json\/wp\/v2\/users\/2"}],"replies":[{"embeddable":true,"href":"https:\/\/helpcenter-classic.greyd.de\/en\/wp-json\/wp\/v2\/comments?post=42"}],"version-history":[{"count":0,"href":"https:\/\/helpcenter-classic.greyd.de\/en\/wp-json\/wp\/v2\/posts\/42\/revisions"}],"wp:attachment":[{"href":"https:\/\/helpcenter-classic.greyd.de\/en\/wp-json\/wp\/v2\/media?parent=42"}],"wp:term":[{"taxonomy":"category","embeddable":true,"href":"https:\/\/helpcenter-classic.greyd.de\/en\/wp-json\/wp\/v2\/categories?post=42"},{"taxonomy":"post_tag","embeddable":true,"href":"https:\/\/helpcenter-classic.greyd.de\/en\/wp-json\/wp\/v2\/tags?post=42"}],"curies":[{"name":"wp","href":"https:\/\/api.w.org\/{rel}","templated":true}]}}