{"id":124,"date":"2020-04-06T13:06:04","date_gmt":"2020-04-06T11:06:04","guid":{"rendered":"https:\/\/helpcenter-classic.greyd.de\/2020\/04\/06\/wo-kann-ich-die-farbauswahl-anpassen\/"},"modified":"2021-10-21T13:14:27","modified_gmt":"2021-10-21T11:14:27","slug":"wo-kann-ich-die-farbauswahl-anpassen","status":"publish","type":"post","link":"https:\/\/helpcenter-classic.greyd.de\/en\/2020\/04\/06\/wo-kann-ich-die-farbauswahl-anpassen\/","title":{"rendered":"Wo kann ich die Farbauswahl anpassen?"},"content":{"rendered":"<div class=\"vc_row vc_row-fluid row_xxxl\"><div class=\"vc_column_container vc_col-sm-12\"><div class=\"vc_column-inner\"><div class='vc_anchor' id='Farbauswahl'><\/div>\n\t<div class=\"wpb_text_column wpb_content_element \" >\n\t\t<div class=\"wpb_wrapper\">\n\t\t\t<div id=\"1574169387627-8aab0c84-f8f6\" class=\"vc_tta-panel vc_active\" data-vc-content=\".vc_tta-panel-body\">\n<div class=\"vc_tta-panel-body\">\n<div class=\"wpb_text_column wpb_content_element \">\n<div class=\"wpb_wrapper\">\n<p>In zahlreichen Modulen kannst du bei der Farbwahl direkt auf deine, im Customizer definierten Farben zugreifen (z.B. beim Zeilenhintergrund oder den Content-Box Einstellungen). Alternativ kannst du \u00fcber den farbigen Kreis rechts davon jede beliebige Farbe einstellen.<\/p>\n<p>M\u00f6chtest du die Farben in der Vorauswahl \u00e4ndern, \u00f6ffne den Customizer und den Tab &#8220;Farben&#8221;. Mehr dazu erf\u00e4hrst du unter <a href=\"https:\/\/helpcenter-classic.greyd.de\/customizer\/\">Customizer<\/a>.<\/p>\n<\/div>\n<\/div>\n<\/div>\n<\/div>\n\n\t\t<\/div>\n\t<\/div>\n<\/div><\/div><\/div>\n","protected":false},"excerpt":{"rendered":"","protected":false},"author":22,"featured_media":0,"comment_status":"closed","ping_status":"closed","sticky":false,"template":"","format":"standard","meta":{"greyd_block_editor_preview":[],"footnotes":""},"categories":[12],"tags":[],"class_list":["post-124","post","type-post","status-publish","format-standard","hentry","category-module"],"yoast_head":"<!-- This site is optimized with the Yoast SEO plugin v22.6 - https:\/\/yoast.com\/wordpress\/plugins\/seo\/ -->\n<title>Wo kann ich die Farbauswahl anpassen? - GREYD.Helpcenter<\/title>\n<meta name=\"description\" content=\"Farben kannst du in der GREYD.SUITE global f\u00fcr die gesamte Website im Customizer unter &quot;Farben&quot; definieren und in Bl\u00f6cken darauf zugreifen.\" \/>\n<meta name=\"robots\" content=\"index, follow, max-snippet:-1, max-image-preview:large, max-video-preview:-1\" \/>\n<link rel=\"canonical\" href=\"https:\/\/helpcenter-classic.greyd.de\/en\/2020\/04\/06\/wo-kann-ich-die-farbauswahl-anpassen\/\" \/>\n<meta property=\"og:locale\" content=\"en_US\" \/>\n<meta property=\"og:type\" content=\"article\" \/>\n<meta property=\"og:title\" content=\"Wo kann ich die Farbauswahl anpassen? - GREYD.Helpcenter\" \/>\n<meta property=\"og:description\" content=\"Farben kannst du in der GREYD.SUITE global f\u00fcr die gesamte Website im Customizer unter &quot;Farben&quot; definieren und in Bl\u00f6cken darauf zugreifen.\" \/>\n<meta property=\"og:url\" content=\"https:\/\/helpcenter-classic.greyd.de\/en\/2020\/04\/06\/wo-kann-ich-die-farbauswahl-anpassen\/\" \/>\n<meta property=\"og:site_name\" content=\"GREYD.Helpcenter\" \/>\n<meta property=\"article:published_time\" content=\"2020-04-06T11:06:04+00:00\" \/>\n<meta property=\"article:modified_time\" content=\"2021-10-21T11:14:27+00:00\" \/>\n<meta name=\"twitter:card\" content=\"summary_large_image\" \/>\n<meta name=\"twitter:label1\" content=\"Written by\" \/>\n\t<meta name=\"twitter:data1\" content=\"\" \/>\n\t<meta name=\"twitter:label2\" content=\"Est. reading time\" \/>\n\t<meta name=\"twitter:data2\" content=\"1 minute\" \/>\n<script type=\"application\/ld+json\" class=\"yoast-schema-graph\">{\"@context\":\"https:\/\/schema.org\",\"@graph\":[{\"@type\":\"Article\",\"@id\":\"https:\/\/helpcenter-classic.greyd.de\/en\/2020\/04\/06\/wo-kann-ich-die-farbauswahl-anpassen\/#article\",\"isPartOf\":{\"@id\":\"https:\/\/helpcenter-classic.greyd.de\/en\/2020\/04\/06\/wo-kann-ich-die-farbauswahl-anpassen\/\"},\"author\":{\"name\":\"\",\"@id\":\"\"},\"headline\":\"Wo kann ich die Farbauswahl anpassen?\",\"datePublished\":\"2020-04-06T11:06:04+00:00\",\"dateModified\":\"2021-10-21T11:14:27+00:00\",\"mainEntityOfPage\":{\"@id\":\"https:\/\/helpcenter-classic.greyd.de\/en\/2020\/04\/06\/wo-kann-ich-die-farbauswahl-anpassen\/\"},\"wordCount\":91,\"publisher\":{\"@id\":\"https:\/\/helpcenter-classic.greyd.de\/#organization\"},\"articleSection\":[\"Module\"],\"inLanguage\":\"en-US\"},{\"@type\":\"WebPage\",\"@id\":\"https:\/\/helpcenter-classic.greyd.de\/en\/2020\/04\/06\/wo-kann-ich-die-farbauswahl-anpassen\/\",\"url\":\"https:\/\/helpcenter-classic.greyd.de\/en\/2020\/04\/06\/wo-kann-ich-die-farbauswahl-anpassen\/\",\"name\":\"Wo kann ich die Farbauswahl anpassen? - GREYD.Helpcenter\",\"isPartOf\":{\"@id\":\"https:\/\/helpcenter-classic.greyd.de\/#website\"},\"datePublished\":\"2020-04-06T11:06:04+00:00\",\"dateModified\":\"2021-10-21T11:14:27+00:00\",\"description\":\"Farben kannst du in der GREYD.SUITE global f\u00fcr die gesamte Website im Customizer unter \\\"Farben\\\" definieren und in Bl\u00f6cken darauf zugreifen.\",\"inLanguage\":\"en-US\",\"potentialAction\":[{\"@type\":\"ReadAction\",\"target\":[\"https:\/\/helpcenter-classic.greyd.de\/en\/2020\/04\/06\/wo-kann-ich-die-farbauswahl-anpassen\/\"]}]},{\"@type\":\"WebSite\",\"@id\":\"https:\/\/helpcenter-classic.greyd.de\/#website\",\"url\":\"https:\/\/helpcenter-classic.greyd.de\/\",\"name\":\"GREYD.Helpcenter\",\"description\":\"Tutorials, FAQ und mehr\",\"publisher\":{\"@id\":\"https:\/\/helpcenter-classic.greyd.de\/#organization\"},\"potentialAction\":[{\"@type\":\"SearchAction\",\"target\":{\"@type\":\"EntryPoint\",\"urlTemplate\":\"https:\/\/helpcenter-classic.greyd.de\/?s={search_term_string}\"},\"query-input\":\"required name=search_term_string\"}],\"inLanguage\":\"en-US\"},{\"@type\":\"Organization\",\"@id\":\"https:\/\/helpcenter-classic.greyd.de\/#organization\",\"name\":\"GREYD.Helpcenter\",\"url\":\"https:\/\/helpcenter-classic.greyd.de\/\",\"logo\":{\"@type\":\"ImageObject\",\"inLanguage\":\"en-US\",\"@id\":\"https:\/\/helpcenter-classic.greyd.de\/#\/schema\/logo\/image\/\",\"url\":\"https:\/\/helpcenter-classic.greyd.de\/wp-content\/uploads\/2021\/10\/L_Greyd_greyd.svg\",\"contentUrl\":\"https:\/\/helpcenter-classic.greyd.de\/wp-content\/uploads\/2021\/10\/L_Greyd_greyd.svg\",\"caption\":\"GREYD.Helpcenter\"},\"image\":{\"@id\":\"https:\/\/helpcenter-classic.greyd.de\/#\/schema\/logo\/image\/\"}},{\"@type\":\"Person\",\"@id\":\"\",\"url\":\"https:\/\/helpcenter-classic.greyd.de\/en\/author\/\"}]}<\/script>\n<!-- \/ Yoast SEO plugin. -->","yoast_head_json":{"title":"Wo kann ich die Farbauswahl anpassen? - GREYD.Helpcenter","description":"Farben kannst du in der GREYD.SUITE global f\u00fcr die gesamte Website im Customizer unter \"Farben\" definieren und in Bl\u00f6cken darauf zugreifen.","robots":{"index":"index","follow":"follow","max-snippet":"max-snippet:-1","max-image-preview":"max-image-preview:large","max-video-preview":"max-video-preview:-1"},"canonical":"https:\/\/helpcenter-classic.greyd.de\/en\/2020\/04\/06\/wo-kann-ich-die-farbauswahl-anpassen\/","og_locale":"en_US","og_type":"article","og_title":"Wo kann ich die Farbauswahl anpassen? - GREYD.Helpcenter","og_description":"Farben kannst du in der GREYD.SUITE global f\u00fcr die gesamte Website im Customizer unter \"Farben\" definieren und in Bl\u00f6cken darauf zugreifen.","og_url":"https:\/\/helpcenter-classic.greyd.de\/en\/2020\/04\/06\/wo-kann-ich-die-farbauswahl-anpassen\/","og_site_name":"GREYD.Helpcenter","article_published_time":"2020-04-06T11:06:04+00:00","article_modified_time":"2021-10-21T11:14:27+00:00","twitter_card":"summary_large_image","twitter_misc":{"Written by":"","Est. reading time":"1 minute"},"schema":{"@context":"https:\/\/schema.org","@graph":[{"@type":"Article","@id":"https:\/\/helpcenter-classic.greyd.de\/en\/2020\/04\/06\/wo-kann-ich-die-farbauswahl-anpassen\/#article","isPartOf":{"@id":"https:\/\/helpcenter-classic.greyd.de\/en\/2020\/04\/06\/wo-kann-ich-die-farbauswahl-anpassen\/"},"author":{"name":"","@id":""},"headline":"Wo kann ich die Farbauswahl anpassen?","datePublished":"2020-04-06T11:06:04+00:00","dateModified":"2021-10-21T11:14:27+00:00","mainEntityOfPage":{"@id":"https:\/\/helpcenter-classic.greyd.de\/en\/2020\/04\/06\/wo-kann-ich-die-farbauswahl-anpassen\/"},"wordCount":91,"publisher":{"@id":"https:\/\/helpcenter-classic.greyd.de\/#organization"},"articleSection":["Module"],"inLanguage":"en-US"},{"@type":"WebPage","@id":"https:\/\/helpcenter-classic.greyd.de\/en\/2020\/04\/06\/wo-kann-ich-die-farbauswahl-anpassen\/","url":"https:\/\/helpcenter-classic.greyd.de\/en\/2020\/04\/06\/wo-kann-ich-die-farbauswahl-anpassen\/","name":"Wo kann ich die Farbauswahl anpassen? - GREYD.Helpcenter","isPartOf":{"@id":"https:\/\/helpcenter-classic.greyd.de\/#website"},"datePublished":"2020-04-06T11:06:04+00:00","dateModified":"2021-10-21T11:14:27+00:00","description":"Farben kannst du in der GREYD.SUITE global f\u00fcr die gesamte Website im Customizer unter \"Farben\" definieren und in Bl\u00f6cken darauf zugreifen.","inLanguage":"en-US","potentialAction":[{"@type":"ReadAction","target":["https:\/\/helpcenter-classic.greyd.de\/en\/2020\/04\/06\/wo-kann-ich-die-farbauswahl-anpassen\/"]}]},{"@type":"WebSite","@id":"https:\/\/helpcenter-classic.greyd.de\/#website","url":"https:\/\/helpcenter-classic.greyd.de\/","name":"GREYD.Helpcenter","description":"Tutorials, FAQ und mehr","publisher":{"@id":"https:\/\/helpcenter-classic.greyd.de\/#organization"},"potentialAction":[{"@type":"SearchAction","target":{"@type":"EntryPoint","urlTemplate":"https:\/\/helpcenter-classic.greyd.de\/?s={search_term_string}"},"query-input":"required name=search_term_string"}],"inLanguage":"en-US"},{"@type":"Organization","@id":"https:\/\/helpcenter-classic.greyd.de\/#organization","name":"GREYD.Helpcenter","url":"https:\/\/helpcenter-classic.greyd.de\/","logo":{"@type":"ImageObject","inLanguage":"en-US","@id":"https:\/\/helpcenter-classic.greyd.de\/#\/schema\/logo\/image\/","url":"https:\/\/helpcenter-classic.greyd.de\/wp-content\/uploads\/2021\/10\/L_Greyd_greyd.svg","contentUrl":"https:\/\/helpcenter-classic.greyd.de\/wp-content\/uploads\/2021\/10\/L_Greyd_greyd.svg","caption":"GREYD.Helpcenter"},"image":{"@id":"https:\/\/helpcenter-classic.greyd.de\/#\/schema\/logo\/image\/"}},{"@type":"Person","@id":"","url":"https:\/\/helpcenter-classic.greyd.de\/en\/author\/"}]}},"_links":{"self":[{"href":"https:\/\/helpcenter-classic.greyd.de\/en\/wp-json\/wp\/v2\/posts\/124","targetHints":{"allow":["GET"]}}],"collection":[{"href":"https:\/\/helpcenter-classic.greyd.de\/en\/wp-json\/wp\/v2\/posts"}],"about":[{"href":"https:\/\/helpcenter-classic.greyd.de\/en\/wp-json\/wp\/v2\/types\/post"}],"author":[{"embeddable":true,"href":"https:\/\/helpcenter-classic.greyd.de\/en\/wp-json\/wp\/v2\/users\/22"}],"replies":[{"embeddable":true,"href":"https:\/\/helpcenter-classic.greyd.de\/en\/wp-json\/wp\/v2\/comments?post=124"}],"version-history":[{"count":0,"href":"https:\/\/helpcenter-classic.greyd.de\/en\/wp-json\/wp\/v2\/posts\/124\/revisions"}],"wp:attachment":[{"href":"https:\/\/helpcenter-classic.greyd.de\/en\/wp-json\/wp\/v2\/media?parent=124"}],"wp:term":[{"taxonomy":"category","embeddable":true,"href":"https:\/\/helpcenter-classic.greyd.de\/en\/wp-json\/wp\/v2\/categories?post=124"},{"taxonomy":"post_tag","embeddable":true,"href":"https:\/\/helpcenter-classic.greyd.de\/en\/wp-json\/wp\/v2\/tags?post=124"}],"curies":[{"name":"wp","href":"https:\/\/api.w.org\/{rel}","templated":true}]}}